{"id":841,"date":"2022-09-28T15:54:09","date_gmt":"2022-09-28T13:54:09","guid":{"rendered":"https:\/\/www.battenstein.com\/blog\/?p=841"},"modified":"2025-02-03T12:53:25","modified_gmt":"2025-02-03T10:53:25","slug":"arte-asbest","status":"publish","type":"post","link":"https:\/\/www.battenstein.com\/blog\/2022\/09\/28\/arte-asbest\/","title":{"rendered":"Arte Asbest"},"content":{"rendered":"<p>Arte Asbest<\/p>\n<p>Die unendliche Geschichte 22.09.2022<\/p>\n<p>Link zum Beitrag: Arte: Die unendliche Geschichte<\/p>\n<p>Im September 2022 wird in Arte gefordert, weltweit ein Asbestverbot auszusprechen.<\/p>\n<p>Das Auftreten t\u00f6dlicher Asbestmesotheliome bietet in der Tat allen Anlass dazu.<\/p>\n<p>Das Asbestmesotheliom kennt offenbar keine andere Ursache als die Asbesteinwirkung.<\/p>\n<p>Rechnet man die hohe Fallzahl der Mesotheliome, so kann deren Miturs\u00e4chlichkeit am Asbestgeschehen nicht \u00fcbersehen werden.<\/p>\n<p>Wenn dann die Fakten ber\u00fccksichtigt werden, n\u00e4mlich die Exposition \u00fcber 30 Jahre der Gef\u00e4hrdung, dann steht die Entsch\u00e4digung an, welche die Berufsgenossenschaft in Deutschland schuldet.<\/p>\n<p>Link zum Beitrag: Arte: <a href=\"https:\/\/programm-origin.ard.de\/TV\/Themenschwerpunkte\/Dokus--Reportagen\/Gesundheit\/Startseite\/?sendung=287244000788269\">Die unendliche Geschichte<\/a><\/p>\n<p><iframe loading=\"lazy\" src=\"https:\/\/www.youtube-nocookie.com\/embed\/Weg3lpV8xY4\" width=\"60%\" height=\"300px\" frameborder=\"0\" allowfullscreen=\"allowfullscreen\"><\/iframe><br \/>\nRechtsanwalt R. Battenstein<br \/>\nFachanwalt f\u00fcr Sozialrecht<\/p>\n","protected":false},"excerpt":{"rendered":"<p>Arte Asbest Die unendliche Geschichte 22.09.2022 Link zum Beitrag: Arte: Die unendliche Geschichte Im September 2022 wird in Arte gefordert, weltweit ein Asbestverbot auszusprechen. Das Auftreten t\u00f6dlicher Asbestmesotheliome bietet in der Tat allen Anlass dazu. Das Asbestmesotheliom kennt offenbar keine andere Ursache als die Asbesteinwirkung. Rechnet man die hohe Fallzahl der Mesotheliome, so kann deren [&hellip;]<\/p>\n","protected":false},"author":2,"featured_media":0,"comment_status":"closed","ping_status":"closed","sticky":false,"template":"","format":"standard","meta":{"footnotes":""},"categories":[1,121],"tags":[91,406,79,1071,1072],"class_list":["post-841","post","type-post","status-publish","format-standard","hentry","category-allgemein","category-berufskrankheiten-rechtsprechung-zur-berufskrankheit","tag-asbesteinwirkung","tag-asbestmesotheliome","tag-entschadigung","tag-mesotheliome","tag-ursache","entry"],"_links":{"self":[{"href":"https:\/\/www.battenstein.com\/blog\/wp-json\/wp\/v2\/posts\/841","targetHints":{"allow":["GET"]}}],"collection":[{"href":"https:\/\/www.battenstein.com\/blog\/wp-json\/wp\/v2\/posts"}],"about":[{"href":"https:\/\/www.battenstein.com\/blog\/wp-json\/wp\/v2\/types\/post"}],"author":[{"embeddable":true,"href":"https:\/\/www.battenstein.com\/blog\/wp-json\/wp\/v2\/users\/2"}],"replies":[{"embeddable":true,"href":"https:\/\/www.battenstein.com\/blog\/wp-json\/wp\/v2\/comments?post=841"}],"version-history":[{"count":8,"href":"https:\/\/www.battenstein.com\/blog\/wp-json\/wp\/v2\/posts\/841\/revisions"}],"predecessor-version":[{"id":850,"href":"https:\/\/www.battenstein.com\/blog\/wp-json\/wp\/v2\/posts\/841\/revisions\/850"}],"wp:attachment":[{"href":"https:\/\/www.battenstein.com\/blog\/wp-json\/wp\/v2\/media?parent=841"}],"wp:term":[{"taxonomy":"category","embeddable":true,"href":"https:\/\/www.battenstein.com\/blog\/wp-json\/wp\/v2\/categories?post=841"},{"taxonomy":"post_tag","embeddable":true,"href":"https:\/\/www.battenstein.com\/blog\/wp-json\/wp\/v2\/tags?post=841"}],"curies":[{"name":"wp","href":"https:\/\/api.w.org\/{rel}","templated":true}]}}