{"id":771,"date":"2020-03-30T13:56:23","date_gmt":"2020-03-30T11:56:23","guid":{"rendered":"https:\/\/www.battenstein.com\/blog\/?p=771"},"modified":"2020-03-30T13:56:23","modified_gmt":"2020-03-30T11:56:23","slug":"corona-atemschutzmasken-einmalhandschuhe-schutzkleidung-arbeitsbedingte-gesundheitsgefahren","status":"publish","type":"post","link":"https:\/\/www.battenstein.com\/blog\/2020\/03\/30\/corona-atemschutzmasken-einmalhandschuhe-schutzkleidung-arbeitsbedingte-gesundheitsgefahren\/","title":{"rendered":"Corona &#8211; Atemschutzmasken &#8211; Einmalhandschuhe &#8211; Schutzkleidung &#8211; arbeitsbedingte Gesundheitsgefahren"},"content":{"rendered":"<p>Das Coronavirus hat Deutschland fest im Griff.<\/p>\n<p>Alle in medizinischen und pflegerischen Berufen erwerbst\u00e4tige Arbeitnehmer sind in einem unvorstellbaren Ausma\u00df gegen\u00fcber einer Infektion mit dem Corona Virus gef\u00e4hrdet und es droht diesen Menschen, die sich dieser Gefahr unter Einsatz ihrer Gesundheit und vielleicht sogar ihres Lebens stellen, dass sie schutzlos dieser Gef\u00e4hrdung ausgesetzt werden.<\/p>\n<p>Bilder von Krankenschwestern und Pflegern, die sich pers\u00f6nliche Schutzausr\u00fcstung aus M\u00fcllt\u00fcten selber basteln, gehen um die Welt, und es sind keine Bilder aus L\u00e4ndern der dritten Welt, ganz im Gegenteil.<\/p>\n<p>Inzwischen haben auch die gewerblichen Berufsgenossenschaften und die DGUV ihre Internetauftritte weiter aktualisiert und stellen wichtige Informationen zum Thema Coronavirus f\u00fcr ihre Betriebe zur Verf\u00fcgung.<\/p>\n<p>Aber was ist mit dem gesetzlichen Auftrag der Berufsgenossenschaften und der DGUV, wie er im Sozialgesetzbuch VII verankert ist, jenseits von einer Beratung der Mitgliedsunternehmen?<\/p>\n<p>Mit allen geeigneten Mitteln m\u00fcssen die Tr\u00e4ger der Gesetzlichen Unfallversicherung arbeitsbedingte Gesundheitsgefahren verh\u00fcten, siehe dazu unten den Auszug aus dem Sozialgesetzbuch VII.<\/p>\n<p>Wo bleibt also eine Soforthilfe der Gesetzlichen Unfallversicherung f\u00fcr ihre Versicherten in Form von Hilfestellung bei der Beschaffung von Atemschutzmasken, Einmalhandschuhen, Schutzausr\u00fcstung etc.?<\/p>\n<p>Wenn hier nicht umgehend Unterst\u00fctzung auch von dieser Seite kommt, drohen die Menschen, die unsere Mitmenschen in den Pflegeeinrichtungen, in der ambulanten Pflege, in den Arztpraxen und Krankenh\u00e4usern versorgen, selbst reihenweise zu erkranken, was den Kollaps des Gesundheitssystems beschleunigen und bef\u00f6rdern kann.<\/p>\n<p>Auch die Berufsgenossenschaften und die DGUV sind hier zur sofortigen Unterst\u00fctzung ihrer Versicherungsnehmer in Zusammenarbeit mit den Krankenkassen aufgerufen.<\/p>\n<p>Welche T\u00e4tigkeiten in diese Richtung sind bisher erkennbar geworden?<\/p>\n<p>\u00a7 14 SGB VII Grundsatz<br \/>\n(1) Die Unfallversicherungstr\u00e4ger haben mit allen geeigneten Mitteln f\u00fcr die Verh\u00fctung von Arbeitsunf\u00e4llen, Berufskrankheiten und arbeitsbedingten Gesundheitsgefahren und f\u00fcr eine wirksame Erste Hilfe zu sorgen. Sie sollen dabei auch den Ursachen von arbeitsbedingten Gefahren f\u00fcr Leben und Gesundheit nachgehen.<br \/>\n(2) Bei der Verh\u00fctung arbeitsbedingter Gesundheitsgefahren arbeiten die Unfallversicherungstr\u00e4ger mit den Krankenkassen zusammen.<br \/>\n(3) Die Unfallversicherungstr\u00e4ger nehmen an der Entwicklung, Umsetzung und Fortschreibung der gemeinsamen deutschen Arbeitsschutzstrategie gem\u00e4\u00df den Bestimmungen des F\u00fcnften Abschnitts des Arbeitsschutzgesetzes und der nationalen Pr\u00e4ventionsstrategie nach \u00a7\u00a7 20d bis 20f des F\u00fcnften Buches teil.<br \/>\n(4) Die Deutsche Gesetzliche Unfallversicherung e. V. unterst\u00fctzt die Unfallversicherungstr\u00e4ger bei der Erf\u00fcllung ihrer Pr\u00e4ventionsaufgaben nach Absatz 1. Sie nimmt insbesondere folgende Aufgaben wahr:<\/p>\n<ol>\n<li>Koordinierung, Durchf\u00fchrung und F\u00f6rderung gemeinsamer Ma\u00dfnahmen sowie der Forschung auf dem Gebiet der Pr\u00e4vention von Arbeitsunf\u00e4llen, Berufskrankheiten und arbeitsbedingten Gesundheitsgefahren,<\/li>\n<li>Kl\u00e4rung von grunds\u00e4tzlichen Fach- und Rechtsfragen zur Sicherung der einheitlichen Rechtsanwendung in der Pr\u00e4vention.<\/li>\n<\/ol>\n","protected":false},"excerpt":{"rendered":"die Berufsgenossenschaften und Die DGUV sind hier zur sofortigen Unterst\u00fctzung ihrer Versicherungsnehmer in Zusammenarbeit mit den Krankenkassen aufgerufen.","protected":false},"author":2,"featured_media":0,"comment_status":"closed","ping_status":"closed","sticky":false,"template":"","format":"standard","meta":{"footnotes":""},"categories":[1,121],"tags":[1023,1025,1014,1026,1022,1024],"class_list":["post-771","post","type-post","status-publish","format-standard","hentry","category-allgemein","category-berufskrankheiten-rechtsprechung-zur-berufskrankheit","tag-arbeitsbedingte-gesundheitsgefahren","tag-atemschutzmasken","tag-corona","tag-einmalhandschuhe","tag-rechtlich","tag-soforthilfe","entry"],"_links":{"self":[{"href":"https:\/\/www.battenstein.com\/blog\/wp-json\/wp\/v2\/posts\/771","targetHints":{"allow":["GET"]}}],"collection":[{"href":"https:\/\/www.battenstein.com\/blog\/wp-json\/wp\/v2\/posts"}],"about":[{"href":"https:\/\/www.battenstein.com\/blog\/wp-json\/wp\/v2\/types\/post"}],"author":[{"embeddable":true,"href":"https:\/\/www.battenstein.com\/blog\/wp-json\/wp\/v2\/users\/2"}],"replies":[{"embeddable":true,"href":"https:\/\/www.battenstein.com\/blog\/wp-json\/wp\/v2\/comments?post=771"}],"version-history":[{"count":1,"href":"https:\/\/www.battenstein.com\/blog\/wp-json\/wp\/v2\/posts\/771\/revisions"}],"predecessor-version":[{"id":772,"href":"https:\/\/www.battenstein.com\/blog\/wp-json\/wp\/v2\/posts\/771\/revisions\/772"}],"wp:attachment":[{"href":"https:\/\/www.battenstein.com\/blog\/wp-json\/wp\/v2\/media?parent=771"}],"wp:term":[{"taxonomy":"category","embeddable":true,"href":"https:\/\/www.battenstein.com\/blog\/wp-json\/wp\/v2\/categories?post=771"},{"taxonomy":"post_tag","embeddable":true,"href":"https:\/\/www.battenstein.com\/blog\/wp-json\/wp\/v2\/tags?post=771"}],"curies":[{"name":"wp","href":"https:\/\/api.w.org\/{rel}","templated":true}]}}