{"id":766,"date":"2020-03-25T14:20:15","date_gmt":"2020-03-25T12:20:15","guid":{"rendered":"https:\/\/www.battenstein.com\/blog\/?p=766"},"modified":"2020-03-25T14:20:15","modified_gmt":"2020-03-25T12:20:15","slug":"husten-des-krankenpflegers-bei-der-corona-virusbehandlung","status":"publish","type":"post","link":"https:\/\/www.battenstein.com\/blog\/2020\/03\/25\/husten-des-krankenpflegers-bei-der-corona-virusbehandlung\/","title":{"rendered":"Husten des Krankenpflegers bei der Corona-Virusbehandlung"},"content":{"rendered":"<p>Husten des Krankenpflegers bei der Corona-Virusbehandlung<\/p>\n<p>Ein Husten des Krankenpflegers in der Corona-Behandlung von Patienten gen\u00fcgt, dass dieser Pfleger die gef\u00e4hrdende T\u00e4tigkeit einstellt und Anspr\u00fcche auf Verdienstausfall f\u00fcr 5 Jahre ab Aufgabe der gef\u00e4hrdenden T\u00e4tigkeit geltend macht.<\/p>\n<p>Dies sieht \u00a7 3 Abs. 2 Berufskrankheitenverordnung (BKV) vor.<\/p>\n<p>Der Krankenpfleger sollte Antrag auf Leistungen bei der Berufsgenossenschaft stellen und Antrag auf rechtsbehelfsf\u00e4higen Bescheid dazu.<\/p>\n<p>Anmerkung:<br \/>\nMan muss sich wundern, dass diese Anspruchsgrundlage des \u00a7 3 Abs. 2 BKV gewisserma\u00dfen totgeschwiegen wird.<\/p>\n<p>Rolf Battenstein<br \/>\nFachanwalt f\u00fcr Sozialrecht<\/p>\n","protected":false},"excerpt":{"rendered":"Ein Husten des Krankenpflegers in der Corona-Behandlung von Patienten gen\u00fcgt, dass dieser Pfleger die gef\u00e4hrdende T\u00e4tigkeit einstellt","protected":false},"author":2,"featured_media":0,"comment_status":"closed","ping_status":"closed","sticky":false,"template":"","format":"standard","meta":{"footnotes":""},"categories":[1],"tags":[178,1014,1015,1016,1018,287,1017],"class_list":["post-766","post","type-post","status-publish","format-standard","hentry","category-allgemein","tag-berufskrankheitenverordnung","tag-corona","tag-husten","tag-krankenpfleger","tag-totschweigen","tag-verdienstausfall","tag-virusbehandlung","entry"],"_links":{"self":[{"href":"https:\/\/www.battenstein.com\/blog\/wp-json\/wp\/v2\/posts\/766","targetHints":{"allow":["GET"]}}],"collection":[{"href":"https:\/\/www.battenstein.com\/blog\/wp-json\/wp\/v2\/posts"}],"about":[{"href":"https:\/\/www.battenstein.com\/blog\/wp-json\/wp\/v2\/types\/post"}],"author":[{"embeddable":true,"href":"https:\/\/www.battenstein.com\/blog\/wp-json\/wp\/v2\/users\/2"}],"replies":[{"embeddable":true,"href":"https:\/\/www.battenstein.com\/blog\/wp-json\/wp\/v2\/comments?post=766"}],"version-history":[{"count":1,"href":"https:\/\/www.battenstein.com\/blog\/wp-json\/wp\/v2\/posts\/766\/revisions"}],"predecessor-version":[{"id":767,"href":"https:\/\/www.battenstein.com\/blog\/wp-json\/wp\/v2\/posts\/766\/revisions\/767"}],"wp:attachment":[{"href":"https:\/\/www.battenstein.com\/blog\/wp-json\/wp\/v2\/media?parent=766"}],"wp:term":[{"taxonomy":"category","embeddable":true,"href":"https:\/\/www.battenstein.com\/blog\/wp-json\/wp\/v2\/categories?post=766"},{"taxonomy":"post_tag","embeddable":true,"href":"https:\/\/www.battenstein.com\/blog\/wp-json\/wp\/v2\/tags?post=766"}],"curies":[{"name":"wp","href":"https:\/\/api.w.org\/{rel}","templated":true}]}}