{"id":697,"date":"2018-12-10T16:38:40","date_gmt":"2018-12-10T14:38:40","guid":{"rendered":"https:\/\/www.battenstein.com\/blog\/?p=697"},"modified":"2018-12-10T16:40:05","modified_gmt":"2018-12-10T14:40:05","slug":"krankenhauskeim-fruehchen","status":"publish","type":"post","link":"https:\/\/www.battenstein.com\/blog\/2018\/12\/10\/krankenhauskeim-fruehchen\/","title":{"rendered":"Krankenhauskeim &#8222;Fr\u00fchchen&#8220;"},"content":{"rendered":"<p align=\"center\"><span style=\"font-size: medium;\"><span lang=\"it-IT\"><u><b>P R E S S E E R K L \u00c4 R U N G<\/b><\/u><\/span><\/span><\/p>\n<p align=\"justify\"><span style=\"font-size: medium;\">Das Bundessozialgericht hat in einer Rechtssache, B 2 U 34\/17 R, bei zugelassener Revision zu entscheiden, in einem Fall, <\/span><\/p>\n<p align=\"justify\"><span style=\"font-size: medium;\">wo ein sogenanntes \u201eFr\u00fchchen\u201c, d.h. eine Fr\u00fchgeburt im anschlie\u00dfenden Krankenhausaufenthalt sich infizierte an Pseudomonas aeruginosa mit der Folge einer Meningitis, was zur L\u00e4hmung der Gliedmassen f\u00fchrte, zu einer Tetraplegie.<\/span><\/p>\n<p align=\"justify\"><span style=\"font-size: medium;\">Die Frage, welche dem Bundessozialgericht grunds\u00e4tzlich gestellt ist, lautet dahin, ob die Infektion des \u201eFr\u00fchchens\u201c im Krankenhaus als Arbeitsunfall zu entsch\u00e4digen ist, d.h. als Versicherungsfall im Sinne von \u00a7 2 Abs. 1 Nr. 15 a Sozialgesetzbuch VII.<\/span><\/p>\n<p align=\"justify\"><span style=\"font-size: medium;\">Dass ein ganzes Krankenhaus mit Pseudomonas aeruginosa in Rostock verseucht war, f\u00fchrte zu diesem besonders schwerwiegenden Versicherungsfall der betroffenen Fr\u00fchgeburt.<\/span><\/p>\n<p align=\"justify\"><span style=\"font-size: medium;\">Rolf Battenstein<\/span><\/p>\n<p align=\"justify\"><span style=\"font-size: medium;\">Rechtsanwalt<\/span><\/p>\n<p align=\"justify\"><span style=\"font-size: medium;\">Fachanwalt f\u00fcr Sozialrecht<\/span><\/p>\n","protected":false},"excerpt":{"rendered":"<p>P R E S S E E R K L \u00c4 R U N G Das Bundessozialgericht hat in einer Rechtssache, B 2 U 34\/17 R, bei zugelassener Revision zu entscheiden, in einem Fall, wo ein sogenanntes \u201eFr\u00fchchen\u201c, d.h. eine Fr\u00fchgeburt im anschlie\u00dfenden Krankenhausaufenthalt sich infizierte an Pseudomonas aeruginosa mit der Folge einer Meningitis, was [&hellip;]<\/p>\n","protected":false},"author":1,"featured_media":0,"comment_status":"closed","ping_status":"closed","sticky":false,"template":"","format":"standard","meta":{"footnotes":""},"categories":[1],"tags":[25,942,751,329],"class_list":["post-697","post","type-post","status-publish","format-standard","hentry","category-allgemein","tag-arbeitsunfall","tag-fruehchen","tag-krankenhauskeime","tag-versicherungsfall","entry"],"_links":{"self":[{"href":"https:\/\/www.battenstein.com\/blog\/wp-json\/wp\/v2\/posts\/697","targetHints":{"allow":["GET"]}}],"collection":[{"href":"https:\/\/www.battenstein.com\/blog\/wp-json\/wp\/v2\/posts"}],"about":[{"href":"https:\/\/www.battenstein.com\/blog\/wp-json\/wp\/v2\/types\/post"}],"author":[{"embeddable":true,"href":"https:\/\/www.battenstein.com\/blog\/wp-json\/wp\/v2\/users\/1"}],"replies":[{"embeddable":true,"href":"https:\/\/www.battenstein.com\/blog\/wp-json\/wp\/v2\/comments?post=697"}],"version-history":[{"count":2,"href":"https:\/\/www.battenstein.com\/blog\/wp-json\/wp\/v2\/posts\/697\/revisions"}],"predecessor-version":[{"id":699,"href":"https:\/\/www.battenstein.com\/blog\/wp-json\/wp\/v2\/posts\/697\/revisions\/699"}],"wp:attachment":[{"href":"https:\/\/www.battenstein.com\/blog\/wp-json\/wp\/v2\/media?parent=697"}],"wp:term":[{"taxonomy":"category","embeddable":true,"href":"https:\/\/www.battenstein.com\/blog\/wp-json\/wp\/v2\/categories?post=697"},{"taxonomy":"post_tag","embeddable":true,"href":"https:\/\/www.battenstein.com\/blog\/wp-json\/wp\/v2\/tags?post=697"}],"curies":[{"name":"wp","href":"https:\/\/api.w.org\/{rel}","templated":true}]}}