{"id":516,"date":"2015-03-02T20:50:32","date_gmt":"2015-03-02T18:50:32","guid":{"rendered":"http:\/\/www.battenstein.com\/blog\/?p=516"},"modified":"2015-03-02T20:50:32","modified_gmt":"2015-03-02T18:50:32","slug":"die-gesetzliche-vermutung-im-berufskrankheitsfall-%c2%a7-9-abs-3-sozialgesetzbuch-vii","status":"publish","type":"post","link":"https:\/\/www.battenstein.com\/blog\/2015\/03\/02\/die-gesetzliche-vermutung-im-berufskrankheitsfall-%c2%a7-9-abs-3-sozialgesetzbuch-vii\/","title":{"rendered":"Die gesetzliche Vermutung im Berufskrankheitsfall (\u00a7 9 Abs. 3 Sozialgesetzbuch VII)"},"content":{"rendered":"<p>Die gesetzliche Vermutung des \u00a7 9 Abs. 3 Sozialgesetzbuch VII im Berufskrankheitsfall;<br \/>\nhier: Aidsfall einer \u00c4rztin, Fernsehbericht vom 12.11.2003<\/p>\n<p>Der genannte Fall einer \u00c4rztin, die beruflich an Aids erkrankte, gab die Hoffnung, dass nunmehr mit der gesetzlichen Vermutung bzw. mit deren Einf\u00fchrung die Probleme gemildert w\u00fcrden.<\/p>\n<p>Allerdings sto\u00dfen sich die Versicherten und deren Hinterbliebene daran, dass die Gesetzliche Vermutung in kaum je einem Fall mehr Anwendung findet.<\/p>\n<p>Die Berufsgenossenschaften mutma\u00dfen Anhaltspunkte f\u00fcr eine anderweitige Verursachung etwa aus dem privaten Bereich.<\/p>\n<p>Die prompte Folge ist der berufsgenossenschaftliche Ablehnungsbescheid, sehr zum Schaden der betroffenen Familien.<\/p>\n<p>Insofern bietet sich eine Klarstellung der gesetzlichen Vermutung an, in dem Sinne:<\/p>\n<p>Dass die gesetzliche Vermutung des \u00a7 9 Abs. 3 SGB VII nur dann nicht greift, wenn offenkundig das Gegenteil der Fall ist.\u201c<\/p>\n<p>Diesen Offenkundigkeitsbeweis zu f\u00fchren, wird f\u00fcr die Berufsgenossenschaft zu Recht schwer, zu Recht deshalb, weil es die Berufsgenossenschaften sind, welche die Gef\u00e4hrdungen ihrer Versicherten nicht verh\u00fctet haben in der Vergangenheit.<\/p>\n<p>Rechtsanwalt<br \/>\nFachanwalt f\u00fcr Sozialrecht<\/p>\n","protected":false},"excerpt":{"rendered":"Die gesetzliche Vermutung im Berufskrankheitsfall \u00a7 9 Abs. 3 Sozialgesetzbuch VII","protected":false},"author":2,"featured_media":0,"comment_status":"closed","ping_status":"closed","sticky":false,"template":"","format":"standard","meta":{"footnotes":""},"categories":[1],"tags":[291,794,796,793,10,267,795,746,105],"class_list":["post-516","post","type-post","status-publish","format-standard","hentry","category-allgemein","tag-ablehnungsbescheid","tag-aids","tag-anhaltspunkt","tag-berufkrankheit","tag-berufsgenossenschaft","tag-fall","tag-gefaehrdung","tag-gesetzliche-vermutung","tag-sozialgesetzbuch","entry"],"_links":{"self":[{"href":"https:\/\/www.battenstein.com\/blog\/wp-json\/wp\/v2\/posts\/516","targetHints":{"allow":["GET"]}}],"collection":[{"href":"https:\/\/www.battenstein.com\/blog\/wp-json\/wp\/v2\/posts"}],"about":[{"href":"https:\/\/www.battenstein.com\/blog\/wp-json\/wp\/v2\/types\/post"}],"author":[{"embeddable":true,"href":"https:\/\/www.battenstein.com\/blog\/wp-json\/wp\/v2\/users\/2"}],"replies":[{"embeddable":true,"href":"https:\/\/www.battenstein.com\/blog\/wp-json\/wp\/v2\/comments?post=516"}],"version-history":[{"count":1,"href":"https:\/\/www.battenstein.com\/blog\/wp-json\/wp\/v2\/posts\/516\/revisions"}],"predecessor-version":[{"id":517,"href":"https:\/\/www.battenstein.com\/blog\/wp-json\/wp\/v2\/posts\/516\/revisions\/517"}],"wp:attachment":[{"href":"https:\/\/www.battenstein.com\/blog\/wp-json\/wp\/v2\/media?parent=516"}],"wp:term":[{"taxonomy":"category","embeddable":true,"href":"https:\/\/www.battenstein.com\/blog\/wp-json\/wp\/v2\/categories?post=516"},{"taxonomy":"post_tag","embeddable":true,"href":"https:\/\/www.battenstein.com\/blog\/wp-json\/wp\/v2\/tags?post=516"}],"curies":[{"name":"wp","href":"https:\/\/api.w.org\/{rel}","templated":true}]}}