{"id":462,"date":"2013-07-10T13:30:11","date_gmt":"2013-07-10T11:30:11","guid":{"rendered":"http:\/\/www.battenstein.com\/blog\/?p=462"},"modified":"2013-07-10T13:30:11","modified_gmt":"2013-07-10T11:30:11","slug":"richter-in-fliege","status":"publish","type":"post","link":"https:\/\/www.battenstein.com\/blog\/2013\/07\/10\/richter-in-fliege\/","title":{"rendered":"\u201eRichter in Fliege\u201c"},"content":{"rendered":"<style type=\"text\/css\"><!--\nP { margin-bottom: 0.21cm; direction: ltr; color: rgb(0, 0, 0); widows: 2; orphans: 2; }P.western { font-family: \"Times New Roman\",serif; font-size: 12pt; }P.cjk { font-family: \"Times New Roman\",serif; font-size: 12pt; }P.ctl { font-family: \"Times New Roman\",serif; font-size: 12pt; }\n--><\/style>\n<p lang=\"fr-FR\"><span style=\"font-size: medium;\">Anl\u00e4\u00dflich einer Berufungsverhandlung in Sachen einer Berufskrankheit-Nr. 2108 begab sich Folgendes:<\/span><\/p>\n<p>Im Streit stand ein schmerztherapeutischer Zuschlag bei der MdE f\u00fcr die bislang gew\u00e4hrte Verletztenrente nach einer MdE von 20% bez\u00fcglich einer Berufskrankheit-Nr. 2108 der Lendenwirbels\u00e4ule.<\/p>\n<p>Hier tat sich das Gericht schwer, so dass die Verhandlung gewisserma\u00dfen ergebnislos verlief.<\/p>\n<p>Andererseits aber bat dann der Vorsitzende Richter die Anw\u00e4ltin an den Richtertisch, um sein Missfallen auszudr\u00fccken, da\u00df der Kl\u00e4ger in Sandalen und Bermuda-Shorts gekleidet bei Mitnahme eines Rucksacks vor dem Gericht aufgetreten ist.<\/p>\n<p>Die Anw\u00e4ltin brachte es nicht \u00fcber sich, diesen Hinweis des Gerichts im Nachhinein dem Mandanten mitzuteilen.<\/p>\n<p>Schlie\u00dflich war dies ein gestandener Mann, der sich in seinem Berufsleben die Wirbels\u00e4ule verschlissen hatte.<\/p>\n<p>Die Anw\u00e4ltin entgegnete, sie sei Vertreter des Kl\u00e4gers in der Sache, aber nicht in Bekleidungsfragen.<\/p>\n<p>Unbenommen bleibt es der Sozialgerichtsbarkeit allerdings, in den Ladungen zu den Terminen Kleidungsempfehlungen auszusprechen.<\/p>\n<p>Allerdings erinnert sich der Verfasser noch lebhaft daran, wie im Hochsommer ein Richter des Sozialgerichts D\u00fcsseldorf in Sandalen gekleidet war, allerdings bei Anlegung eines Nadelstreifenanzugs.<\/p>\n<p>De gustibus non est disputandum.<\/p>\n<p>Rolf Battenstein<\/p>\n<p lang=\"fr-FR\">\n","protected":false},"excerpt":{"rendered":"Im Streit stand ein schmerztherapeutischer Zuschlag bei der MdE f\u00fcr die bislang gew\u00e4hrte Verletztenrente nach einer MdE von 20% bez\u00fcglich einer Berufskrankheit-Nr. 2108 der Lendenwirbels\u00e4ule.","protected":false},"author":2,"featured_media":0,"comment_status":"open","ping_status":"closed","sticky":false,"template":"","format":"standard","meta":{"footnotes":""},"categories":[1,121],"tags":[75,150,382,416,40,595],"class_list":["post-462","post","type-post","status-publish","format-standard","hentry","category-allgemein","category-berufskrankheiten-rechtsprechung-zur-berufskrankheit","tag-berufskrankheit","tag-berufungsverhandlung","tag-lendenwirbelsaule","tag-nr-2108","tag-verletztenrente","tag-wirbelsaule","entry"],"_links":{"self":[{"href":"https:\/\/www.battenstein.com\/blog\/wp-json\/wp\/v2\/posts\/462","targetHints":{"allow":["GET"]}}],"collection":[{"href":"https:\/\/www.battenstein.com\/blog\/wp-json\/wp\/v2\/posts"}],"about":[{"href":"https:\/\/www.battenstein.com\/blog\/wp-json\/wp\/v2\/types\/post"}],"author":[{"embeddable":true,"href":"https:\/\/www.battenstein.com\/blog\/wp-json\/wp\/v2\/users\/2"}],"replies":[{"embeddable":true,"href":"https:\/\/www.battenstein.com\/blog\/wp-json\/wp\/v2\/comments?post=462"}],"version-history":[{"count":3,"href":"https:\/\/www.battenstein.com\/blog\/wp-json\/wp\/v2\/posts\/462\/revisions"}],"predecessor-version":[{"id":465,"href":"https:\/\/www.battenstein.com\/blog\/wp-json\/wp\/v2\/posts\/462\/revisions\/465"}],"wp:attachment":[{"href":"https:\/\/www.battenstein.com\/blog\/wp-json\/wp\/v2\/media?parent=462"}],"wp:term":[{"taxonomy":"category","embeddable":true,"href":"https:\/\/www.battenstein.com\/blog\/wp-json\/wp\/v2\/categories?post=462"},{"taxonomy":"post_tag","embeddable":true,"href":"https:\/\/www.battenstein.com\/blog\/wp-json\/wp\/v2\/tags?post=462"}],"curies":[{"name":"wp","href":"https:\/\/api.w.org\/{rel}","templated":true}]}}