{"id":399,"date":"2012-07-24T10:44:42","date_gmt":"2012-07-24T08:44:42","guid":{"rendered":"http:\/\/www.battenstein.com\/blog\/?p=399"},"modified":"2022-11-22T18:05:52","modified_gmt":"2022-11-22T16:05:52","slug":"anwaltsblogbuch","status":"publish","type":"post","link":"https:\/\/www.battenstein.com\/blog\/2012\/07\/24\/anwaltsblogbuch\/","title":{"rendered":"Anwaltsblogbuch (ebook vorbehalten)"},"content":{"rendered":"<h1 style=\"text-align: center;\"><strong>Was kostet der Mensch?<\/strong><\/h1>\n<h1 style=\"text-align: center;\">Anwaltsblogbuch zu<\/h1>\n<h1 style=\"text-align: center;\">Arbeitsunfall, Wegeunfall, Berufskrankheit<\/h1>\n<ul>\n<li style=\"text-align: center;\">Ich habe Lungenkrebs und mit Asbest gearbeitet<\/li>\n<li style=\"text-align: center;\">Tod auf Gesch\u00e4ftsreise<\/li>\n<li style=\"text-align: center;\">Krankenhauskeime<\/li>\n<\/ul>\n<p>&nbsp;<\/p>\n<p style=\"text-align: center;\"><strong>Battenstein &amp; Battenstein Rechtsanw\u00e4lte, D\u00fcsseldorf<\/strong><\/p>\n<p>&nbsp;<\/p>\n<ol>\n<li><a href=\"http:\/\/www.battenstein.com\/blog\/2009\/10\/24\/letzter-tag-der-gefahrdenden-tatigkeit-bei-einer-berufskrankheit\/\">Letzter Tag der gef\u00e4hrdenden T\u00e4tigkeit bei einer Berufskrankheit<\/a><\/li>\n<li><a href=\"http:\/\/www.battenstein.com\/blog\/2009\/11\/24\/medizinische-begutachtung-von-berufskrankheiten\/\">Medizinische Begutachtung von Berufskrankheiten<\/a><\/li>\n<li><a href=\"http:\/\/www.battenstein.com\/blog\/2010\/01\/31\/minderung-der-erwerbsfahigkeit-bei-einer-silikose\/\">Minderung der Erwerbsf\u00e4higkeit bei einer Silikose<\/a><\/li>\n<li><a href=\"http:\/\/www.battenstein.com\/blog\/2010\/01\/24\/recht-des-rechtsuchenden\/\">Recht des Rechtsuchenden<\/a><\/li>\n<li><a href=\"http:\/\/www.battenstein.com\/blog\/2010\/01\/23\/schutz-des-sozialgesetzbuches-vii\/\">Schutz des Sozialgesetzbuches VII<\/a><\/li>\n<li><a href=\"http:\/\/www.battenstein.com\/blog\/2010\/02\/02\/hochfrenquenter-tinnitus-bei-der-beruflichen-larmschwerhorigkeit\/\">Hochfrenquenter Tinnitus bei der beruflichen L\u00e4rmschwerh\u00f6rigkei<\/a><\/li>\n<li><a href=\"http:\/\/www.battenstein.com\/blog\/2010\/01\/21\/blasenkrebs-des-strasenbauers\/\">Blasenkrebs des Stra\u00dfenbauers<\/a><\/li>\n<li><a href=\"http:\/\/www.battenstein.com\/blog\/2010\/01\/30\/eintritt-der-minderung-der-erwerbsfahigkeit-bei-einem-pleuramesotheliom\/\">Eintritt der Minderung der Erwerbsf\u00e4higkeit bei einem Pleuramesotheliom<\/a><\/li>\n<li><a href=\"http:\/\/www.battenstein.com\/blog\/2010\/02\/11\/fall-in-welchem-das-bundessozialgericht-keine-grundsatzliche-bedeutung-erkennen-mochte\/\">Fall, in welchem das Bundessozialgericht keine grunds\u00e4tzliche Bedeutung erkennen mochte<\/a><\/li>\n<li><a href=\"http:\/\/www.battenstein.com\/blog\/?p=223\">Gesetzliche Vermutung<\/a><\/li>\n<li><a href=\"http:\/\/www.battenstein.com\/blog\/2010\/02\/23\/gutachterauswahlrecht-gemas-%c2%a7-200-abs-2-sgb-vii-beim-arbeitsunfall\/\">Gutachterauswahlrecht gem\u00e4\u00df \u00a7 200 Abs. 2 SGB VII beim Arbeitsunfall<\/a><\/li>\n<li><a href=\"http:\/\/www.battenstein.com\/blog\/2010\/02\/28\/hospitalismus\/\">Hospitalismus<\/a><\/li>\n<li><a href=\"http:\/\/www.battenstein.com\/blog\/2010\/02\/28\/urtikaria-eines-schichtfuhrers-in-der-gummiindustrie\/\">Urtikaria eines Schichtf\u00fchrers in der Gummiindustrie<\/a><\/li>\n<li><a href=\"http:\/\/www.battenstein.com\/blog\/2010\/03\/02\/lungenkrebserkrankung-durch-strahlenbelastung-im-uranbergbau\/\">Lungenkrebserkrankung durch Strahlenbelastung im Uranbergbau<\/a><\/li>\n<li><a href=\"http:\/\/www.battenstein.com\/blog\/2010\/03\/03\/einlassung-der-berufsgenossenschaft\/\">Einlassung der Berufsgenossenschaft<\/a><\/li>\n<li><a href=\"http:\/\/www.battenstein.com\/blog\/2010\/03\/05\/wegfall-des-buroteils\/\">Wegfall des B\u00fcroteils<\/a><\/li>\n<li><a href=\"http:\/\/www.battenstein.com\/blog\/2010\/03\/12\/kurzung-der-ubergangsleistungen\/\">K\u00fcrzung der \u00dcbergangsleistungen<\/a><\/li>\n<li><a href=\"http:\/\/www.battenstein.com\/blog\/2010\/03\/15\/gerichtliches-aktenzeichen\/\">Gerichtliches Aktenzeichen<\/a><\/li>\n<li><a href=\"http:\/\/www.battenstein.com\/blog\/2010\/03\/26\/stage-einsatz-eines-sozialrichters\/\">Stage (Einsatz) eines Sozialrichters<\/a><\/li>\n<li><a href=\"http:\/\/www.battenstein.com\/blog\/2010\/04\/02\/gleichzeitige-berufliche-asbestbelastung-und-private-rauchgewohnheit\/\">Gleichzeitige berufliche Asbestbelastung und private Rauchgewohnheit<\/a><\/li>\n<li><a href=\"http:\/\/www.battenstein.com\/blog\/2010\/04\/04\/asbestoserente-gestutzt-von-nur-10-mde\/\">Asbestoserente gest\u00fctzt von nur 10 % MdE<\/a><\/li>\n<li><a href=\"http:\/\/www.battenstein.com\/blog\/2010\/04\/06\/tierversuch-und-menschenversuch-im-deutschen-berufskrankheitenrecht\/\">Tierversuch und Menschenversuch im deutschen Berufskrankheitenrecht<\/a><\/li>\n<li><a href=\"http:\/\/www.battenstein.com\/blog\/2010\/04\/09\/gesetzliche-vermutung-des-todesfallzusammenhangs\/\">Gesetzliche Vermutung des Todesfallzusammenhangs<\/a><\/li>\n<li><a href=\"http:\/\/www.battenstein.com\/blog\/2010\/03\/01\/berufskrankheit-lungen-oder-pleuraasbestose\/\">Berufskrankheit &#8211; Lungen- oder Pleuraasbestose<\/a><\/li>\n<li><a href=\"http:\/\/www.battenstein.com\/blog\/2010\/04\/07\/todliches-pleuramesotheliom-der-hausfrau\/\">T\u00f6dliches Pleuramesotheliom der Hausfrau<\/a><\/li>\n<li><a href=\"http:\/\/www.battenstein.com\/blog\/2010\/04\/10\/sturz-beim-aussteigen-aus-der-dusche\/\">Sturz beim Aussteigen aus der Dusche<\/a><\/li>\n<li><a href=\"http:\/\/www.battenstein.com\/blog\/2010\/04\/12\/obduktion-bei-berufskrankheiten\/\">Obduktion bei Berufskrankheiten<\/a><\/li>\n<li><a href=\"http:\/\/www.battenstein.com\/blog\/2010\/04\/13\/entschadigungspraxis-der-berufsgenossenschaften\/\">Entsch\u00e4digungspraxis der Berufsgenossenschaften<\/a><\/li>\n<li><a href=\"http:\/\/www.battenstein.com\/blog\/2010\/04\/15\/amtsermittlung-im-sozialgerichtsprozes\/\">Amtsermittlung im Sozialgerichtsproze\u00df<\/a><\/li>\n<li><a href=\"http:\/\/www.battenstein.com\/blog\/2010\/04\/16\/%e2%80%9eobergutachten%e2%80%9c-der-beratenden-arzte\/\">\u201eObergutachten\u201c der beratenden \u00c4rzte<\/a><\/li>\n<li><a href=\"http:\/\/www.battenstein.com\/blog\/2010\/04\/25\/besonderheiten-im-verfahren-des-deutschen-mesotheliomregisters\/\">Besonderheiten im Verfahren des Deutschen Mesotheliomregisters<\/a><\/li>\n<li><a href=\"http:\/\/www.battenstein.com\/blog\/2010\/04\/15\/sozialgerichtsbarkeit-mit-der-zivilgerichtsbarkeit\/\">Sozialgerichtsbarkeit mit der Zivilgerichtsbarkeit<\/a><\/li>\n<li><a href=\"http:\/\/www.battenstein.com\/blog\/2010\/04\/28\/lungenkrebsfall-des-mitarbeiters\/\"> Lungenkrebsfall des Mitarbeiters<\/a><\/li>\n<li><a href=\"http:\/\/www.battenstein.com\/blog\/2010\/04\/20\/berufsgenossenschaftliche-einflusnahme-auf-die-amtsermittlung\/\">Berufsgenossenschaftliche Einflu\u00dfnahme auf die Amtsermittlung<\/a><\/li>\n<li><a href=\"http:\/\/www.battenstein.com\/blog\/2010\/05\/19\/anwaltliche-checkliste-auf-bg-fehler\/\">Anwaltliche Checkliste auf BG-Fehler<\/a><\/li>\n<li><a href=\"http:\/\/www.battenstein.com\/blog\/2010\/05\/23\/unterschieben-gewissermasen-eines-berufsgenossenschaftlichen-gutachtens\/\">Unterschieben gewisserma\u00dfen eines berufsgenossenschaftlichen Gutachtens<\/a><\/li>\n<li><a href=\"http:\/\/www.battenstein.com\/blog\/2010\/05\/20\/anhorung-eines-bestimmten-arztes\/\">Anh\u00f6rung eines bestimmten Arztes<\/a><\/li>\n<li><a href=\"http:\/\/www.battenstein.com\/blog\/2010\/05\/20\/uberprufungsantrag-wegen-eines-wegeunfalls\/\">\u00dcberpr\u00fcfungsantrag wegen eines Wegeunfalls<\/a><\/li>\n<li><a href=\"http:\/\/www.battenstein.com\/blog\/2010\/05\/26\/frage-der-arbeitgeberhaftung\/\">Frage der Arbeitgeberhaftung<\/a><\/li>\n<li><a href=\"http:\/\/www.battenstein.com\/blog\/2010\/05\/24\/gesetzliche-vermutung\/\">Gesetzliche Vermutung<\/a><\/li>\n<li><a href=\"http:\/\/www.battenstein.com\/blog\/2010\/05\/28\/begutachtung-der-berufskrankheit-nr-4101-silikose\/\">Begutachtung der Berufskrankheit-Nr. 4101, Silikose<\/a><\/li>\n<li><a href=\"http:\/\/www.battenstein.com\/blog\/2010\/06\/01\/verbotswidriges-verhalten\/\">Verbotswidriges Verhalten<\/a><\/li>\n<li><a href=\"http:\/\/www.battenstein.com\/blog\/2010\/06\/07\/berufliche-erkrankung-der-lendenwirbelsaule\/\">Berufliche Erkrankung der Lendenwirbels\u00e4ule<\/a><\/li>\n<li><a href=\"http:\/\/www.battenstein.com\/blog\/2010\/06\/11\/blasenkrebserkrankung-eines-malers-und-lackierers\/\">Blasenkrebserkrankung eines Malers und Lackierers<\/a><\/li>\n<li><a href=\"http:\/\/www.battenstein.com\/blog\/2010\/06\/13\/umgang-mit-druckluftwerkzeugen\/\">Umgang mit Druckluftwerkzeugen<\/a><\/li>\n<li><a href=\"http:\/\/www.battenstein.com\/blog\/2010\/08\/30\/steine-statt-brot\/\">Steine statt Brot<\/a><\/li>\n<li><a href=\"http:\/\/www.battenstein.com\/blog\/2010\/09\/27\/keine-unfalluntersuchung\/\">Keine Unfalluntersuchung<\/a><\/li>\n<li><a href=\"http:\/\/www.battenstein.com\/blog\/2010\/11\/09\/kurzung-der-rentenversicherungsleistung-in-form-der-witwenrente\/\">K\u00fcrzung der Rentenversicherungsleistung in Form der Witwenrente<\/a><\/li>\n<li><a href=\"http:\/\/www.battenstein.com\/blog\/2010\/12\/02\/zweierlei-mas\/\">Zweierlei Ma\u00df<\/a><\/li>\n<li><a href=\"http:\/\/www.battenstein.com\/blog\/2010\/12\/08\/weg-der-kurzfristig-unterbrochen-wird\/\">Weg, der kurzfristig unterbrochen wird<\/a><\/li>\n<li><a href=\"http:\/\/www.battenstein.com\/blog\/2010\/12\/12\/vorsicht-wenn-die-berufsgenossenschaft\/\">Vorsicht, wenn die Berufsgenossenschaft &#8230;<\/a><\/li>\n<li><a href=\"http:\/\/www.battenstein.com\/blog\/2010\/12\/15\/versicherungsschutz-wie-ein-versicherter\/\">Versicherungsschutz wie ein Versicherter<\/a><\/li>\n<li><a href=\"http:\/\/www.battenstein.com\/blog\/2010\/12\/15\/verletzung-paariger-organe-durch-arbeitsunfall-oder-berufskrankheit\/\">Verletzung paariger Organe durch Arbeitsunfall oder Berufskrankheit <\/a><\/li>\n<li><a href=\"http:\/\/www.battenstein.com\/blog\/2010\/12\/18\/verletztenrente-aufgrund-einer-beruflichen-larmschwerhorigkeit\/\">Verletztenrente aufgrund einer beruflichen L\u00e4rmschwerh\u00f6rigkeit <\/a><\/li>\n<li><a href=\"http:\/\/www.battenstein.com\/blog\/2010\/12\/21\/uberhohte-veranlagung\/\">\u00dcberh\u00f6hte Veranlagung<\/a><\/li>\n<li><a href=\"http:\/\/www.battenstein.com\/blog\/2010\/12\/24\/rechtsstreit\/\">Rechtsstreit<\/a><\/li>\n<li><a href=\"http:\/\/www.battenstein.com\/blog\/2010\/12\/27\/pleuramesotheliom-berufskrankheit-nr-4105\/\">Pleuramesotheliom Berufskrankheit Nr. 4105<\/a><\/li>\n<li><a href=\"http:\/\/www.battenstein.com\/blog\/2010\/12\/30\/neue-erkenntnisse-beim-lungenkrebs-durch-asbest\/\">Neue Erkenntnisse beim Lungenkrebs durch Asbest<\/a><\/li>\n<li><a href=\"http:\/\/www.battenstein.com\/blog\/2011\/01\/01\/leitersturz-aus-15-m-bis-2-m-hohe\/\">Leitersturz aus 1,5 m bis 2 m H\u00f6he<\/a><\/li>\n<li><a href=\"http:\/\/www.battenstein.com\/blog\/2010\/12\/02\/kein-ausfall-der-lebzeitenleistungen\/\">Kein Ausfall der Lebzeitenleistungen<\/a><\/li>\n<li><a href=\"http:\/\/www.battenstein.com\/blog\/2011\/01\/04\/kausalitatsnorm-der-gesetzlichen-unfallversicherung\/\">Kausalit\u00e4tsnorm der gesetzlichen Unfallversicherung<\/a><\/li>\n<li><a href=\"http:\/\/www.battenstein.com\/blog\/2011\/01\/10\/die-frage-der-wesentlichen-anderung-bei-einer-ruckwirkend-anerkannten-berufskrankheit\/\">Die Frage der wesentlichen \u00c4nderung bei einer r\u00fcckwirkend anerkannten Berufskrankheit <\/a><\/li>\n<li><a href=\"http:\/\/www.battenstein.com\/blog\/2011\/01\/07\/bremsbelaghersteller\/\">Bremsbelaghersteller<\/a><\/li>\n<li><a href=\"http:\/\/www.battenstein.com\/blog\/2011\/01\/13\/asbestbelastung\/\">Asbestbelastung<\/a><\/li>\n<li><a href=\"http:\/\/www.battenstein.com\/blog\/2010\/12\/06\/berufskrankheitslast-von-mitgliedsunternehmen-der-berufsgenossenschaft\/\">Berufskrankheitslast von Mitgliedsunternehmen der Berufsgenossenschaft<\/a><\/li>\n<li><a href=\"http:\/\/www.battenstein.com\/blog\/2011\/01\/16\/anwaltliche-forderung\/\">Anwaltliche Forderung<\/a><\/li>\n<li><a href=\"http:\/\/www.battenstein.com\/blog\/2011\/01\/19\/angeblich-keine-eindeutige-silikotische-impragnierung\/\">Angeblich keine eindeutige silikotische Impr\u00e4gnierung<\/a><\/li>\n<li><a href=\"http:\/\/www.battenstein.com\/blog\/2010\/12\/07\/unfall-bei-wetten-das-in-dusseldorf-am-04-12-2010\/\">Unfall bei &#8222;Wetten, da\u00df &#8230;.?&#8220; in D\u00fcsseldorf am 04.12.2010<\/a><\/li>\n<li><a href=\"http:\/\/www.battenstein.com\/blog\/2011\/01\/21\/wie-wurden-sie-entscheiden\/\">Wie w\u00fcrden Sie entscheiden?<\/a><\/li>\n<li><a href=\"http:\/\/www.battenstein.com\/blog\/2011\/01\/27\/pleuramesotheliom-eines-maurers\/\">Pleuramesotheliom eines Maurers<\/a><\/li>\n<li><a href=\"http:\/\/www.battenstein.com\/blog\/2011\/02\/23\/pangonarthrose-dritten-grades\/\">Pangonarthrose dritten Grades<\/a><\/li>\n<li><a href=\"http:\/\/www.battenstein.com\/blog\/2011\/02\/26\/divergenz-des-berufungsurteils\/\">Divergenz des Berufungsurteils<\/a><\/li>\n<li><a href=\"http:\/\/www.battenstein.com\/blog\/2011\/03\/01\/minimalasbestose\/\">Minimalasbestose<\/a><\/li>\n<li><a href=\"http:\/\/www.battenstein.com\/blog\/2011\/03\/05\/erreichung-der-anerkennung-als-arbeitsunfall\/\">Erreichung der Anerkennung als Arbeitsunfall<\/a><\/li>\n<li><a href=\"http:\/\/www.battenstein.com\/blog\/2011\/03\/07\/verletzung-des-rechten-handgelenkes\/\">Verletzung des rechten Handgelenkes<\/a><\/li>\n<li><a href=\"http:\/\/www.battenstein.com\/blog\/2011\/03\/13\/amtsermittlungspflicht-der-berufsgenossenschaft\/\">Amtsermittlungspflicht der Berufsgenossenschaft<\/a><\/li>\n<li><a href=\"http:\/\/www.battenstein.com\/blog\/2011\/03\/18\/berufliche-blasenkrebserkrankung-nr-1301\/\">Berufliche Blasenkrebserkrankung Nr. 1301<\/a><\/li>\n<li><a href=\"http:\/\/www.battenstein.com\/blog\/2011\/06\/21\/bandscheibengeschadigte-krankenschwester\/\">Bandscheibengesch\u00e4digte Krankenschwester<\/a><\/li>\n<li><a href=\"http:\/\/www.battenstein.com\/blog\/2011\/06\/24\/unterstellt-der-supergau-eines-reaktorunfalls-ware-in-deutschland-passiert\/\">Unterstellt, der Supergau eines Reaktorunfalls w\u00e4re in Deutschland passiert;<\/a><\/li>\n<li><a href=\"http:\/\/www.battenstein.com\/blog\/2011\/06\/26\/untergang-von-anspruchen-nach-%c2%a7-3-abs-2-berufskrankheitenverordnung\/\">&#8222;Untergang&#8220; von Anspr\u00fcchen nach \u00a7 3 Abs. 2 Berufskrankheitenverordnung<\/a><\/li>\n<li><a href=\"http:\/\/www.battenstein.com\/blog\/2011\/09\/07\/ist-der-lungenkrebs-durch-asbest-eine-asbeststaublungenerkrankung\/\">Ist der Lungenkrebs durch Asbest eine Asbeststaublungenerkrankung?<\/a><\/li>\n<li><a href=\"http:\/\/www.battenstein.com\/blog\/2011\/09\/07\/mobbing\/\">Mobbing<\/a><\/li>\n<li><a href=\"http:\/\/www.battenstein.com\/blog\/2012\/03\/03\/beweislastumkehr-und-gesetzliche-vermutung\/\">Beweislastumkehr und gesetzliche Vermutung<\/a><\/li>\n<li><a href=\"http:\/\/www.battenstein.com\/blog\/2012\/07\/24\/gefahrtarif\/\">Wegfall bzw. Fehlen des B\u00fcroteils im Gefahrtarif der Berufsgenossenschaft<\/a><\/li>\n<li><a title=\"Permanent Link to Die Br\u00fcsseler Asbestkonferenz\" href=\"http:\/\/www.battenstein.com\/blog\/2012\/10\/09\/die-brusseler-asbestkonferenz\/\" rel=\"bookmark\">Die Br\u00fcsseler Asbestkonferenz<\/a><\/li>\n<li><a title=\"Permanent Link to Abblocken\" href=\"http:\/\/www.battenstein.com\/blog\/2012\/10\/25\/abblocken\/\" rel=\"bookmark\">Abblocken<\/a><\/li>\n<li><a title=\"Permanent Link to Lungenasbestose in Form einer Mantelfibrose\" href=\"http:\/\/www.battenstein.com\/blog\/2012\/11\/12\/lungenasbestose-in-form-einer-mantelfibrose\/\" rel=\"bookmark\">Lungenasbestose in Form einer Mantelfibrose<\/a><\/li>\n<li><a title=\"Permanent Link to Der beratende Arzt der Berufsgenossenschaft\" href=\"http:\/\/www.battenstein.com\/blog\/2013\/03\/14\/der-beratende-arzt-der-berufsgenossenschaft\/\" rel=\"bookmark\">Der beratende Arzt der Berufsgenossenschaft<\/a><\/li>\n<li><a href=\"http:\/\/www.battenstein.com\/blog\/2013\/06\/05\/verdacht-bei-einem-pleuramesotheliom-asbest\/\">Verdacht bei einem Pleuramesotheliom auf eine Berufskrankheit der Nr. 4105<\/a><\/li>\n<li><a title=\"Permanent Link to \u201eRichter in Fliege\u201c\" href=\"http:\/\/www.battenstein.com\/blog\/2013\/07\/10\/richter-in-fliege\/\" rel=\"bookmark\">\u201eRichter in Fliege\u201c<\/a><\/li>\n<li><a title=\"Ablehnung der Abfindung\" href=\"http:\/\/www.battenstein.com\/blog\/2013\/11\/25\/ablehnung-der-abfindung\/\">Ablehnung der Abfindung<\/a><\/li>\n<li><a title=\"Verj\u00e4hrungseinrede der Berufsgenossenschaft\" href=\"http:\/\/www.battenstein.com\/blog\/2013\/11\/26\/verjaehrungseinrede-der-berufsgenossenschaft\/\">Verj\u00e4hrungseinrede der Berufsgenossenschaft<\/a><\/li>\n<li><a title=\"Der Lungenkrebs nach beruflicher Asbesteinwirkung\" href=\"http:\/\/www.battenstein.com\/blog\/2013\/12\/09\/der-lungenkrebs-nach-beruflicher-asbesteinwirkung\/\">Der Lungenkrebs nach beruflicher Asbesteinwirkung<\/a><\/li>\n<li><a title=\"Unterlassene Bescheide (offene Bescheide)\" href=\"http:\/\/www.battenstein.com\/blog\/2014\/06\/12\/unterlassene-bescheide-offene-bescheide\/\">Unterlassene Bescheide (offene Bescheide)<\/a><\/li>\n<li><a href=\"http:\/\/www.battenstein.com\/blog\/2014\/09\/11\/anerkennung-einer-lungenkrebserkrankung-als-berufskrankheit-nr-4103\/\">Anerkennung einer Lungenkrebserkrankung als Berufskrankheit Nr. 4103<\/a><\/li>\n<li><a href=\"http:\/\/www.battenstein.com\/blog\/2015\/03\/02\/die-gesetzliche-vermutung-im-berufskrankheitsfall-%C2%A7-9-abs-3-sozialgesetzbuch-vii\/\">Die gesetzliche Vermutung im Berufskrankheitsfall<\/a><\/li>\n<li><a href=\"http:\/\/www.battenstein.com\/blog\/2015\/06\/10\/fortbestand-der-gefahrklasse-kaufmaennischer-und-verwaltender-teil\/\">Fortbestand der Gefahrklasse kaufm\u00e4nnischer und verwaltender Teil (B\u00fcroteil)<br \/>\nin den Gefahrtarifen der Berufsgenossenschaften<\/a><\/li>\n<li><a href=\"http:\/\/www.battenstein.com\/blog\/2015\/06\/15\/anerkennung-der-chronischen-obstruktiven-bronchitis-und-des-lungenemphysems-als-silikosefolge\/\">Anerkennung der chronischen obstruktiven Bronchitis und des Lungenemphysems als Silikosefolge<\/a><\/li>\n<li><a href=\"http:\/\/www.battenstein.com\/blog\/2015\/06\/23\/haeufung-der-beruflich-verursachten-asbestmesotheliome\/\">H\u00e4ufung der beruflich verursachten Asbestmesotheliome<\/a><\/li>\n<li><a href=\"http:\/\/www.battenstein.com\/blog\/2015\/07\/01\/weiterzahlung-der-verletztenrente\/\">Weiterzahlung der Verletztenrente<\/a><\/li>\n<li><a href=\"http:\/\/www.battenstein.com\/blog\/2015\/07\/08\/50-euro-witwen\/\">50-Euro-Witwen<\/a><\/li>\n<li><a href=\"http:\/\/www.battenstein.com\/blog\/2015\/07\/23\/ruecknahme-der-anerkennung-einer-silikose\/\">R\u00fccknahme der Anerkennung einer Silikose<\/a><\/li>\n<li><a href=\"http:\/\/www.battenstein.com\/blog\/2015\/07\/27\/laerm-im-orchestergraben\/\">L\u00e4rm im Orchestergraben<\/a><\/li>\n<li><a href=\"http:\/\/www.battenstein.com\/blog\/2015\/08\/03\/zweckmaessigkeitspruefung-der-widerspruchsstelle\/\">Zweckm\u00e4\u00dfigkeitspr\u00fcfung der Widerspruchsstelle<\/a><\/li>\n<li><a href=\"https:\/\/www.battenstein.com\/blog\/2015\/10\/13\/lungenkrebs-als-folge-der-berufskrankheit-nr-4111\/\">Lungenkrebs als Folge der Berufskrankheit Nr. 4111<\/a><\/li>\n<li><a href=\"https:\/\/www.battenstein.com\/blog\/2015\/12\/21\/fehlende-einsicht-der-sozialrichterin-asbestose\/\">Fehlende Einsicht der Sozialrichterin \u2013 Asbestose<\/a><\/li>\n<li><a href=\"https:\/\/www.battenstein.com\/blog\/2016\/02\/01\/asbest-und-lungenkrebs\/\">Asbest und Lungenkrebs<\/a><\/li>\n<li><a href=\"https:\/\/www.battenstein.com\/blog\/2016\/04\/11\/erloeschen-der-ansprueche-auf-geldleistungen\/\">Erl\u00f6schen der Anspr\u00fcche auf Geldleistungen<\/a><\/li>\n<li><a href=\"https:\/\/www.battenstein.com\/blog\/2016\/05\/06\/veranlagung-der-sportunternehmen-durch-die-verwaltungs-berufsgenossenschaft\/\">Veranlagung der Sportunternehmen durch die Verwaltungs-Berufsgenossenschaft<\/a><\/li>\n<li><a href=\"https:\/\/www.battenstein.com\/blog\/2016\/05\/07\/lungenkrebs-nach-einer-beruflichen-asbestbelastung\/\">Lungenkrebs nach einer beruflichen Asbestbelastung<\/a><\/li>\n<li><a href=\"https:\/\/www.battenstein.com\/blog\/2016\/06\/13\/gonarthrose-neue-berufskrankheit-2112\/\">Gonarthrose, neue Berufskrankheit 2112<\/a><\/li>\n<li><a href=\"https:\/\/www.battenstein.com\/blog\/2016\/06\/23\/psychisches-trauma-als-arbeitsunfall\/\">Psychisches Trauma als Arbeitsunfall<\/a><\/li>\n<li><a href=\"https:\/\/www.battenstein.com\/blog\/2016\/07\/01\/selbstausbeutung-von-familienangehoerigen-im-familienbetrieb-taetigkeit-wie-ein-versicherter\/\">Selbstausbeutung von Familienangeh\u00f6rigen im Familienbetrieb, T\u00e4tigkeit wie ein Versicherter<\/a><\/li>\n<li><a href=\"https:\/\/www.battenstein.com\/blog\/2016\/08\/13\/staubmessungen-bezueglich-der-berufskrankheit-der-bergleute\/\">Staubmessungen bez\u00fcglich der Berufskrankheit der Bergleute<\/a><\/li>\n<li><a href=\"https:\/\/www.battenstein.com\/blog\/2016\/09\/01\/verhaeltnis-der-berufskrankheiten-nr-4103-asbestose-und-4104-asbestlungenkrebs-zueinander\/\">Verh\u00e4ltnis der Berufskrankheiten Nr. 4103 (Asbestose) und 4104 (Asbestlungenkrebs) zueinander<\/a><\/li>\n<li><a href=\"https:\/\/www.battenstein.com\/blog\/2016\/09\/09\/schaeden-auf-dem-gedeckten-rueckweg\/\">Sch\u00e4den auf dem gedeckten R\u00fcckweg<\/a><\/li>\n<li><a href=\"https:\/\/www.battenstein.com\/blog\/2016\/09\/30\/berufsgenossenschaftliche-meldung-an-das-deutsche-mesotheliomregister\/\">Berufsgenossenschaftliche Meldung an das Deutsche Mesotheliomregister<\/a><\/li>\n<li><a href=\"https:\/\/www.battenstein.com\/blog\/2016\/12\/06\/beratungsaerztliche-stellungnahme-zum-einwand-der-sog-voelligen-erwerbsunfaehigkeit\/\">Beratungs\u00e4rztliche Stellungnahme zum Einwand der sog. \u201ev\u00f6lligen Erwerbsunf\u00e4higkeit\u201c<\/a><\/li>\n<li><a href=\"https:\/\/www.battenstein.com\/blog\/2017\/01\/15\/wegfall-der-gefahrklasse\/\">Wegfall der Gefahrklasse<\/a><\/li>\n<li><a href=\"https:\/\/www.battenstein.com\/blog\/2017\/04\/24\/lungenkrebs-nach-beruflicher-asbestexposition\/\">Lungenkrebs nach beruflicher Asbestexposition<\/a><\/li>\n<li><a href=\"https:\/\/www.battenstein.com\/blog\/2017\/05\/10\/die-kausalitaetsnorm-der-gesetzlichen-unfall-und-berufskrankheitenversicherung\/\">Die Kausalit\u00e4tsnorm der gesetzlichen Unfall- und Berufskrankheitenversicherung<\/a><\/li>\n<li><a href=\"https:\/\/www.battenstein.com\/blog\/2017\/05\/23\/pleuramesotheliome-der-familienangehoerigen-von-asbestisolierern-dachdeckern-etc\/\">Pleuramesotheliome der Familienangeh\u00f6rigen von Asbestisolierern, Dachdeckern etc.<\/a><\/li>\n<li><a href=\"https:\/\/www.battenstein.com\/blog\/2017\/07\/06\/wie-die-berufskrankheiten-nr-28-der-iao-liste-berufskrankheitenliste-uebergangen-wird\/\">Wie die Berufskrankheiten Nr. 28 der IAO-Liste, Berufskrankheitenliste, \u00fcbergangen wird.<\/a><\/li>\n<li><a href=\"https:\/\/www.battenstein.com\/blog\/2017\/09\/14\/errechnung-von-sogenannten-25-asbestfaserjahren-im-lungenkrebsfall-beruflicher-art\/\">Errechnung von sogenannten 25 Asbestfaserjahren im Lungenkrebsfall beruflicher Art<\/a><\/li>\n<li><a href=\"https:\/\/www.battenstein.com\/blog\/2017\/09\/19\/gefahren-fuer-die-atemwege-durch-dieselmotor-emissionen\/\">Gefahren f\u00fcr die Atemwege durch Dieselmotor-Emissionen<\/a><\/li>\n<li><a href=\"https:\/\/www.battenstein.com\/blog\/2017\/09\/25\/wegeunfall-auf-dem-weg-zur-arbeit\/\">Wegeunfall auf dem Weg zur Arbeit<\/a><\/li>\n<li><a href=\"https:\/\/www.battenstein.com\/blog\/2017\/10\/09\/auslandsunfallversicherung-und-auslandsberufskrankheitenversicherung\/\">Auslandsunfallversicherung und Auslandsberufskrankheitenversicherung<\/a><\/li>\n<li><a href=\"https:\/\/www.battenstein.com\/blog\/2017\/10\/27\/konkurrierende-kausalitaeten-beim-pleuramesotheliom-durch-asbest\/\">Konkurrierende Kausalit\u00e4ten beim Pleuramesotheliom durch Asbest<\/a><\/li>\n<li><a href=\"https:\/\/www.battenstein.com\/blog\/2017\/10\/30\/selbstbestimmungsrecht\/\">Selbstbestimmungsrecht<\/a><\/li>\n<li><a href=\"https:\/\/www.battenstein.com\/blog\/2017\/11\/17\/zufallsdatum\/\">Zufallsdatum<\/a><\/li>\n<li><a href=\"https:\/\/www.battenstein.com\/blog\/2018\/01\/03\/p-r-e-s-s-e-m-i-t-t-e-i-l-u-n-g\/\">P R E S S E M I T T E I L U N G<\/a><\/li>\n<li><a href=\"https:\/\/www.battenstein.com\/blog\/2018\/03\/16\/primaeres-lungenkarzinom-eines-dachdeckers\/\">Prim\u00e4res Lungenkarzinom eines Dachdeckers<\/a><\/li>\n<li><a href=\"https:\/\/www.battenstein.com\/blog\/2018\/04\/13\/laermschwerhoerigkeit-aus-dem-orchestergraben\/\">L\u00e4rmschwerh\u00f6rigkeit aus dem Orchestergraben<\/a><\/li>\n<li><a href=\"https:\/\/www.battenstein.com\/blog\/2018\/05\/03\/pleuramesotheliom-im-grenzueberschreitenden-verkehr\/\">Pleuramesotheliom, im grenz\u00fcberschreitenden Verkehr<\/a><\/li>\n<li><a href=\"https:\/\/www.battenstein.com\/blog\/2018\/05\/04\/erfolgreiches-widerspruchsverfahren-bezueglich-der-anerkennung-einer-berufskrankheit-nr-4105-pleuramesotheliom\/\">Erfolgreiches Widerspruchsverfahren bez\u00fcglich der Anerkennung einer Berufskrankheit Nr. 4105, Pleuramesotheliom<\/a><\/li>\n<li><a href=\"https:\/\/www.battenstein.com\/blog\/2018\/06\/20\/lungenkrebs-nach-beruflicher-asbesteinwirkung-im-elektroberuf\/\">Lungenkrebs nach beruflicher Asbesteinwirkung im Elektroberuf<\/a><\/li>\n<li><a href=\"https:\/\/www.battenstein.com\/blog\/2018\/06\/28\/anspruch-der-versicherten-auf-rechtsbehelfsfaehigen-bescheid\/\">Anspruch der Versicherten auf rechtsbehelfsf\u00e4higen Bescheid<\/a><\/li>\n<li><a href=\"https:\/\/www.battenstein.com\/blog\/2018\/07\/04\/pleuramesotheliom-eines-heizungsmonteurs-und-schweissers\/\">Pleuramesotheliom eines Heizungsmonteurs und Schwei\u00dfers<\/a><\/li>\n<li><a href=\"https:\/\/www.battenstein.com\/blog\/2018\/10\/05\/wegfall-der-sonderveranlagung\/\">Wegfall der Sonderveranlagung<\/a><\/li>\n<li><a href=\"https:\/\/www.battenstein.com\/blog\/2018\/11\/08\/ansprueche-des-asbestgefaehrdeten-feuerungsmaurers\/\">Anspr\u00fcche des asbestgef\u00e4hrdeten Feuerungsmaurers<\/a><\/li>\n<li><a href=\"https:\/\/www.battenstein.com\/blog\/2018\/12\/10\/krankenhauskeim-fruehchen\/\">Krankenhauskeim \u201eFr\u00fchchen\u201c<\/a><\/li>\n<li><a href=\"https:\/\/www.battenstein.com\/blog\/2019\/01\/05\/ansprueche-der-bergleute-auf-verletztenrente-bei-staublunge\/\">Anspr\u00fcche der Bergleute auf Verletztenrente bei Staublunge<\/a><\/li>\n<li><a href=\"https:\/\/www.battenstein.com\/blog\/2019\/02\/13\/frueherkennung-von-asbestmesotheliomen\/\">Fr\u00fcherkennung von Asbestmesotheliomen<\/a><\/li>\n<li><a href=\"https:\/\/www.battenstein.com\/blog\/2019\/02\/16\/p-r-e-s-s-e-m-i-t-t-e-i-l-u-n-g-krankenhauskeim\/\">P R E S S E M I T T E I L U N G \u2013 Krankenhauskeim<\/a><\/li>\n<li><a href=\"https:\/\/www.battenstein.com\/blog\/2019\/03\/30\/lungenkrebs-des-versicherten-asbestwerkers\/\">Lungenkrebs des versicherten Asbestwerkers<\/a><\/li>\n<li><a href=\"https:\/\/www.battenstein.com\/blog\/2019\/05\/09\/presseerklaerung\/\">Krankenhauskeime infizieren \u201eFr\u00fchchen\u201c (Fr\u00fchgeburt)<\/a><\/li>\n<li><a href=\"https:\/\/www.battenstein.com\/blog\/2019\/05\/15\/sturz-aus-10-m-hoehe\/\">Sturz aus 10 m H\u00f6he<\/a><\/li>\n<li><a href=\"https:\/\/www.battenstein.com\/blog\/2019\/07\/09\/dunkelziffer-der-beruflichen-asbestkrebsfaelle-mesotheliom-lungenkrebs-kehlkopfkrebs\/\">Dunkelziffer der beruflichen Asbestkrebsf\u00e4lle, Mesotheliom, Lungenkrebs, Kehlkopfkrebs<\/a><\/li>\n<li><a href=\"https:\/\/www.battenstein.com\/blog\/2019\/09\/21\/schadensfaelle-stationaerer-patienten-im-falle-des-brandes-eines-krankenhauses\/\">Schadensf\u00e4lle station\u00e4rer Patienten im Falle des Brandes eines Krankenhauses<\/a><\/li>\n<li><a href=\"https:\/\/www.battenstein.com\/blog\/2019\/10\/28\/berufskrankheit-nr-2301-berufliche-laermschwerhoerigkeit\/\">Berufskrankheit Nr. 2301, berufliche L\u00e4rmschwerh\u00f6rigkeit<\/a><\/li>\n<li><a href=\"https:\/\/www.battenstein.com\/blog\/2019\/12\/05\/schleimhautveraenderungen-krebs-oder-andere-neubildungen-der-harnblase-durch-aromatische-amine\/\">Schleimhautver\u00e4nderungen, Krebs oder andere Neubildungen der Harnblase durch aromatische Amine<\/a><\/li>\n<li><a href=\"https:\/\/www.battenstein.com\/blog\/2019\/12\/06\/guenstigkeitsvorschrift-uebergangsleistungen-fuer-fuenf-jahre-ab-aufgabe-der-gefaehrdenden-taetigkeiten\/\">G\u00fcnstigkeitsvorschrift: \u00dcbergangsleistungen f\u00fcr f\u00fcnf Jahre ab Aufgabe der gef\u00e4hrdenden T\u00e4tigkeiten<\/a><\/li>\n<li><a href=\"https:\/\/www.battenstein.com\/blog\/2020\/02\/08\/etastasierendes-primaeres-bronchialkarzinom-als-schwielenkrebs\/\">Metastasierendes prim\u00e4res Bronchialkarzinom als Schwielenkrebs<\/a><\/li>\n<li><a href=\"https:\/\/www.battenstein.com\/blog\/2020\/02\/19\/erweiterter-versicherungsschutz-fuer-wegeunfaelle\/\">Erweiterter Versicherungsschutz f\u00fcr Wegeunf\u00e4lle<\/a><\/li>\n<li><a href=\"https:\/\/www.battenstein.com\/blog\/2020\/03\/13\/corona\/\">Corona<\/a><\/li>\n<li><a href=\"https:\/\/www.battenstein.com\/blog\/2020\/03\/19\/corona-virus-praevention-und-entschaedigung\/\">Corona-Virus \u2013 Pr\u00e4vention und Entsch\u00e4digung<\/a><\/li>\n<li><a href=\"https:\/\/www.battenstein.com\/blog\/2020\/03\/24\/uebergangsleistungen-fuer-krankenschwester-corona-virus\/\">\u00dcbergangsleistungen f\u00fcr Krankenschwester \u2013 Corona-Virus<\/a><\/li>\n<li><a href=\"https:\/\/www.battenstein.com\/blog\/2020\/03\/25\/husten-des-krankenpflegers-bei-der-corona-virusbehandlung\/\">Husten des Krankenpflegers bei der Corona-Virusbehandlung<\/a><\/li>\n<li><a href=\"https:\/\/www.battenstein.com\/blog\/2020\/03\/30\/besonderer-exit-bei-corona-behandlung\/\">Besonderer Exit bei Corona-Behandlung<\/a><\/li>\n<li><a href=\"https:\/\/www.battenstein.com\/blog\/2020\/03\/30\/corona-atemschutzmasken-einmalhandschuhe-schutzkleidung-arbeitsbedingte-gesundheitsgefahren\/\">Corona \u2013 Atemschutzmasken \u2013 Einmalhandschuhe \u2013 Schutzkleidung \u2013 arbeitsbedingte Gesundheitsgefahren<\/a><\/li>\n<li><a href=\"https:\/\/www.battenstein.com\/blog\/2020\/03\/31\/verdacht-auf-eine-infektion-an-corona-virus\/\">Verdacht auf eine Infektion an Corona-Virus<\/a><\/li>\n<li><a href=\"https:\/\/www.battenstein.com\/blog\/2020\/05\/13\/corona-virus-als-arbeitsunfall\/\">Corona-Virus als Arbeitsunfall<\/a><\/li>\n<li><a href=\"https:\/\/www.battenstein.com\/blog\/2020\/05\/14\/corona-erkrankungen-sind-infektionskrankheiten\/\">Corona-Erkrankungen sind als Berufskrankheiten zu entsch\u00e4digen<\/a><\/li>\n<li><a href=\"https:\/\/www.battenstein.com\/blog\/2020\/09\/05\/berufskrankheit-eines-7-jaehrigen-kindes-asbestmesotheliom\/\">Berufskrankheit eines 7-j\u00e4hrigen Kindes, Asbestmesotheliom<\/a><\/li>\n<li><a href=\"https:\/\/www.battenstein.com\/blog\/2020\/09\/05\/erkrankung-eines-krankenpflegers-an-coronaviruserkrankung\/\">Erkrankung eines Krankenpflegers an Coronaviruserkrankung<\/a><\/li>\n<li><a href=\"https:\/\/www.battenstein.com\/blog\/2020\/12\/02\/pleuramesotheliom\/\">Pleuramesotheliom<\/a><\/li>\n<li><a href=\"https:\/\/www.battenstein.com\/blog\/2021\/01\/15\/belastbarkeit-berufsgenossenschaftlich-erhobener-beweise\/\">Belastbarkeit berufsgenossenschaftlich erhobener Beweise<\/a><\/li>\n<li><a href=\"https:\/\/www.battenstein.com\/blog\/2021\/01\/19\/versorgungsehe\/\">Versorgungsehe<\/a><\/li>\n<li><a href=\"https:\/\/www.battenstein.com\/blog\/2021\/01\/21\/home-office-neuveranlagung-in-der-gesetzlichen-unfallversicherung\/\">Home-Office \u2013 Neuveranlagung in der gesetzlichen Unfallversicherung<\/a><\/li>\n<li><a href=\"https:\/\/www.battenstein.com\/blog\/2021\/06\/22\/das-pleuramesotheliom-als-signaltumor-einer-beruflichen-asbestbelastung\/\">Das Pleuramesotheliom als Signaltumor einer beruflichen Asbestbelastung<\/a><\/li>\n<li><a href=\"https:\/\/www.battenstein.com\/blog\/2021\/06\/22\/die-30-jahres-regel-beim-pleuramesotheliom\/\">Die 30-Jahres-Regel beim Pleuramesotheliom<\/a><\/li>\n<li><a href=\"https:\/\/www.battenstein.com\/blog\/2021\/09\/23\/beweisprobleme-in-den-berufskrebsfaellen-durch-asbest\/\">Beweisprobleme in den Berufskrebsf\u00e4llen durch Asbest<\/a><\/li>\n<li><a href=\"https:\/\/www.battenstein.com\/blog\/2021\/12\/14\/der-einwand-des-sogenannten-vollbeweises-in-der-gesetzlichen-unfall-und-berufskrankheitenversicherung\/\">Der Einwand des sogenannten Vollbeweises in der gesetzlichen Unfall- und Berufskrankheitenversicherung<\/a><\/li>\n<li><a href=\"https:\/\/www.battenstein.com\/blog\/2021\/12\/18\/infektionskrankheiten-berufskrankheit-nummer-3101\/\">Infektionskrankheiten \u2013 Berufskrankheit Nummer 3101<\/a><\/li>\n<li><a href=\"https:\/\/www.battenstein.com\/blog\/2021\/12\/18\/sozialgerichtsgesetz-%c2%a7-78-vorverfahren-als-klagevoraussetzung\/\">Sozialgerichtsgesetz \u201e\u00a7 78 Vorverfahren als Klagevoraussetzung\u201c<\/a><\/li>\n<li><a href=\"https:\/\/www.battenstein.com\/blog\/2021\/12\/21\/rechtliche-probleme-bei-der-berufskrankheit-nr-4101-silikose\/\">Rechtliche Probleme bei der Berufskrankheit Nr. 4101 Silikose<\/a><\/li>\n<li><a href=\"https:\/\/www.battenstein.com\/blog\/2021\/12\/22\/gewerblich-verursachter-schadensfall-eines-rippenfellkrebses\/\">Gewerblich verursachter Schadensfall eines Rippenfellkrebses<\/a><\/li>\n<li><a href=\"https:\/\/www.battenstein.com\/blog\/2022\/09\/28\/arte-asbest\/\">Arte Asbest<\/a><\/li>\n<\/ol>\n","protected":false},"excerpt":{"rendered":"Arbeitsunfall, Wegeunfall, Berufskrankheit","protected":false},"author":2,"featured_media":0,"comment_status":"closed","ping_status":"open","sticky":false,"template":"","format":"standard","meta":{"footnotes":""},"categories":[1],"tags":[830,25,8,75,750,751,154,322],"class_list":["post-399","post","type-post","status-publish","format-standard","hentry","category-allgemein","tag-anwaltsblogbuch","tag-arbeitsunfall","tag-asbest","tag-berufskrankheit","tag-geschaftsreise","tag-krankenhauskeime","tag-lungenkrebs","tag-wegeunfall","entry"],"_links":{"self":[{"href":"https:\/\/www.battenstein.com\/blog\/wp-json\/wp\/v2\/posts\/399","targetHints":{"allow":["GET"]}}],"collection":[{"href":"https:\/\/www.battenstein.com\/blog\/wp-json\/wp\/v2\/posts"}],"about":[{"href":"https:\/\/www.battenstein.com\/blog\/wp-json\/wp\/v2\/types\/post"}],"author":[{"embeddable":true,"href":"https:\/\/www.battenstein.com\/blog\/wp-json\/wp\/v2\/users\/2"}],"replies":[{"embeddable":true,"href":"https:\/\/www.battenstein.com\/blog\/wp-json\/wp\/v2\/comments?post=399"}],"version-history":[{"count":33,"href":"https:\/\/www.battenstein.com\/blog\/wp-json\/wp\/v2\/posts\/399\/revisions"}],"predecessor-version":[{"id":851,"href":"https:\/\/www.battenstein.com\/blog\/wp-json\/wp\/v2\/posts\/399\/revisions\/851"}],"wp:attachment":[{"href":"https:\/\/www.battenstein.com\/blog\/wp-json\/wp\/v2\/media?parent=399"}],"wp:term":[{"taxonomy":"category","embeddable":true,"href":"https:\/\/www.battenstein.com\/blog\/wp-json\/wp\/v2\/categories?post=399"},{"taxonomy":"post_tag","embeddable":true,"href":"https:\/\/www.battenstein.com\/blog\/wp-json\/wp\/v2\/tags?post=399"}],"curies":[{"name":"wp","href":"https:\/\/api.w.org\/{rel}","templated":true}]}}