{"id":323,"date":"2011-01-13T15:23:12","date_gmt":"2011-01-13T13:23:12","guid":{"rendered":"http:\/\/www.battenstein.com\/blog\/?p=323"},"modified":"2010-12-03T18:02:55","modified_gmt":"2010-12-03T16:02:55","slug":"asbestbelastung","status":"publish","type":"post","link":"https:\/\/www.battenstein.com\/blog\/2011\/01\/13\/asbestbelastung\/","title":{"rendered":"Asbestbelastung"},"content":{"rendered":"<p>Asbestbelastung eines Elektrikers, Beleuchter am Stadttheater Saarbr\u00fccken, wo der Theatervorhang 1966 bis 1969 aus Asbest war<\/p>\n<p>Mit 36 Jahren verstarb der Versicherte, ein Familienvater, Vater von zwei Kindern.<\/p>\n<p>Die Witwe und die Waisen mu\u00dften das Verfahren &#8211; S 16 U 83\/96 &#8211; Sozialgericht K\u00f6ln wieder aufnehmen, nachdem bis zum heutigen Tag noch keine Entsch\u00e4digung geleistet wird f\u00fcr den Fall des Lungenkrebs dieses Versicherten.<\/p>\n<p>Vorliegend geht es um die Frage, Listenberufskrankheit Nr. 4104 oder Berufskrankheit nach neuer Erkenntnis im Einzelfall.<\/p>\n<p>Ein unabh\u00e4ngiges arbeitstechnisches Sachverst\u00e4ndigengutachten liegt bis heute nicht vor.<\/p>\n<p>Nur die beteiligten Technischen Aufsichtsbeamten der Berufsgenossenschaft oder der Versicherungstr\u00e4ger gaben ihr Votum ab.<\/p>\n<p>Die Asbestemission des Theatervorhanges aus Asbest ist nicht nachgestellt worden.<\/p>\n<p>Me\u00dfwerte g\u00e4be es angeblich nicht f\u00fcr Asbestvorh\u00e4nge.<\/p>\n<p>Selbst wenn eine Asbestbelastung von 3,5 Asbestfaserjahren vorgelegen h\u00e4tte, m\u00fc\u00dfte multipliziert werden beim Raucher, dessen zehnfaches Lungenkrebsrisiko durch die Asbestbelastung um mehr als das 5-fache gesteigert wurde.<\/p>\n<p>Dies ergibt sich aus einer Studie von Hammond.<\/p>\n<p>Was es bedeutet, da\u00df fr\u00fcher Theatervorh\u00e4nge aus Asbest waren, mag den unabh\u00e4ngigen Betrachter ersch\u00fcttern, nicht aber den Sozialrichter, der wegen Geringf\u00fcgigkeit bzw. angeblicher Geringf\u00fcgigkeit der Exposition die Klage abwies.<\/p>\n<p>Dabei ist das Lebensalter des Versicherten Beweis daf\u00fcr bzw. Indiz daf\u00fcr, da\u00df nicht nur geraucht wurde, sondern auch Asbest inhaliert worden ist, was zu einer Multiplikation der Schadstoffauswirkungen in synergistischer Weise f\u00fchrte.<\/p>\n<p>Starb nicht \u00fcberdies der Dirigent Leonhard Bernstein an Asbestkrebs?<\/p>\n<p>Rechtsanwalt<br \/>\nFachanwalt f\u00fcr Sozialrecht<\/p>\n","protected":false},"excerpt":{"rendered":"Asbestbelastung eines Elektrikers, Beleuchter am Stadttheater Saarbr\u00fccken, wo der Theatervorhang 1966 bis 1969 aus Asbest war Mit 36 Jahren verstarb der Versicherte, ein Familienvater, Vater von zwei Kindern.","protected":false},"author":2,"featured_media":0,"comment_status":"closed","ping_status":"open","sticky":false,"template":"","format":"standard","meta":{"footnotes":""},"categories":[1],"tags":[8,191,624,623,75,620,79,621,154,211,336,625,114,622,431],"class_list":["post-323","post","type-post","status-publish","format-standard","hentry","category-allgemein","tag-asbest","tag-asbestbelastung","tag-asbestemission","tag-aufsichtsbeamter","tag-berufskrankheit","tag-elektriker","tag-entschadigung","tag-listenberufskrankheit","tag-lungenkrebs","tag-lungenkrebsrisiko","tag-nr-4104","tag-raucher","tag-sachverstandigengutachten","tag-technische","tag-versicherungstrager","entry"],"_links":{"self":[{"href":"https:\/\/www.battenstein.com\/blog\/wp-json\/wp\/v2\/posts\/323","targetHints":{"allow":["GET"]}}],"collection":[{"href":"https:\/\/www.battenstein.com\/blog\/wp-json\/wp\/v2\/posts"}],"about":[{"href":"https:\/\/www.battenstein.com\/blog\/wp-json\/wp\/v2\/types\/post"}],"author":[{"embeddable":true,"href":"https:\/\/www.battenstein.com\/blog\/wp-json\/wp\/v2\/users\/2"}],"replies":[{"embeddable":true,"href":"https:\/\/www.battenstein.com\/blog\/wp-json\/wp\/v2\/comments?post=323"}],"version-history":[{"count":2,"href":"https:\/\/www.battenstein.com\/blog\/wp-json\/wp\/v2\/posts\/323\/revisions"}],"predecessor-version":[{"id":328,"href":"https:\/\/www.battenstein.com\/blog\/wp-json\/wp\/v2\/posts\/323\/revisions\/328"}],"wp:attachment":[{"href":"https:\/\/www.battenstein.com\/blog\/wp-json\/wp\/v2\/media?parent=323"}],"wp:term":[{"taxonomy":"category","embeddable":true,"href":"https:\/\/www.battenstein.com\/blog\/wp-json\/wp\/v2\/categories?post=323"},{"taxonomy":"post_tag","embeddable":true,"href":"https:\/\/www.battenstein.com\/blog\/wp-json\/wp\/v2\/tags?post=323"}],"curies":[{"name":"wp","href":"https:\/\/api.w.org\/{rel}","templated":true}]}}