{"id":144,"date":"2010-03-26T14:42:06","date_gmt":"2010-03-26T12:42:06","guid":{"rendered":"http:\/\/www.battenstein.com\/blog\/?p=144"},"modified":"2010-03-26T14:42:06","modified_gmt":"2010-03-26T12:42:06","slug":"stage-einsatz-eines-sozialrichters","status":"publish","type":"post","link":"https:\/\/www.battenstein.com\/blog\/2010\/03\/26\/stage-einsatz-eines-sozialrichters\/","title":{"rendered":"Stage (Einsatz) eines Sozialrichters"},"content":{"rendered":"<p>Stage (Einsatz) eines Sozialrichters beim Landessozialgericht NRW<\/p>\n<p>Der betreffende Sozialrichter berichtete von seinem Einsatz beim Berufungsgericht wie folgt:<\/p>\n<p>Gutachten von Amts wegen nach \u00a7 106 SGG k\u00e4men nicht in Betracht, die Akte w\u00e4re voll genug, wurde ihm am Berufungsgericht bedeutet.<\/p>\n<p>109er Gutachten k\u00e4men auch nicht in Betracht, diese w\u00fcrden eh zu nichts f\u00fchren.<\/p>\n<p>Diesen Zahn m\u00fcsse man dem Kl\u00e4ger ziehen.<\/p>\n<p>Wenn die Berufung schon nicht so zur\u00fcckgenommen w\u00fcrde, m\u00fc\u00dfte man eben einen Er\u00f6rterungstermin anberaumen, um die Sache gewisserma\u00dfen \u201etotzuschlagen\u201c.<\/p>\n<p>Rechtsanwalt<br \/>\nFachanwalt f\u00fcr Sozialrecht<\/p>\n","protected":false},"excerpt":{"rendered":"<p>Stage (Einsatz) eines Sozialrichters beim Landessozialgericht NRW Der betreffende Sozialrichter berichtete von seinem Einsatz beim Berufungsgericht wie folgt: Gutachten von Amts wegen nach \u00a7 106 SGG k\u00e4men nicht in Betracht, die Akte w\u00e4re voll genug, wurde ihm am Berufungsgericht bedeutet. 109er Gutachten k\u00e4men auch nicht in Betracht, diese w\u00fcrden eh zu nichts f\u00fchren. Diesen Zahn [&hellip;]<\/p>\n","protected":false},"author":2,"featured_media":0,"comment_status":"open","ping_status":"open","sticky":false,"template":"","format":"standard","meta":{"footnotes":""},"categories":[1],"tags":[208,86,209,23,32,207,22,24,206,205],"class_list":["post-144","post","type-post","status-publish","format-standard","hentry","category-allgemein","tag-berufung","tag-berufungsgericht","tag-erorterungstermin","tag-fachanwalt","tag-gutachten","tag-klager","tag-rechtsanwalt","tag-sozialrecht","tag-sozialrichter","tag-stage","entry"],"_links":{"self":[{"href":"https:\/\/www.battenstein.com\/blog\/wp-json\/wp\/v2\/posts\/144","targetHints":{"allow":["GET"]}}],"collection":[{"href":"https:\/\/www.battenstein.com\/blog\/wp-json\/wp\/v2\/posts"}],"about":[{"href":"https:\/\/www.battenstein.com\/blog\/wp-json\/wp\/v2\/types\/post"}],"author":[{"embeddable":true,"href":"https:\/\/www.battenstein.com\/blog\/wp-json\/wp\/v2\/users\/2"}],"replies":[{"embeddable":true,"href":"https:\/\/www.battenstein.com\/blog\/wp-json\/wp\/v2\/comments?post=144"}],"version-history":[{"count":1,"href":"https:\/\/www.battenstein.com\/blog\/wp-json\/wp\/v2\/posts\/144\/revisions"}],"predecessor-version":[{"id":145,"href":"https:\/\/www.battenstein.com\/blog\/wp-json\/wp\/v2\/posts\/144\/revisions\/145"}],"wp:attachment":[{"href":"https:\/\/www.battenstein.com\/blog\/wp-json\/wp\/v2\/media?parent=144"}],"wp:term":[{"taxonomy":"category","embeddable":true,"href":"https:\/\/www.battenstein.com\/blog\/wp-json\/wp\/v2\/categories?post=144"},{"taxonomy":"post_tag","embeddable":true,"href":"https:\/\/www.battenstein.com\/blog\/wp-json\/wp\/v2\/tags?post=144"}],"curies":[{"name":"wp","href":"https:\/\/api.w.org\/{rel}","templated":true}]}}